{"id":865,"__str__":"Indica\u00e7\u00e3o n\u00ba 14 de 2026","link_detail_backend":"/materia/865","metadata":{"signs":{"texto_original":{"admin":[],"autores":[["Autentique Ltda",["2026-03-11T15:20:19-03:00","ICP-Brasil - presencial"]]]}}},"numero":14,"ano":2026,"numero_protocolo":178,"data_apresentacao":"2026-03-11","tipo_apresentacao":"O","data_publicacao":null,"numero_origem_externa":"","ano_origem_externa":null,"data_origem_externa":null,"apelido":"","dias_prazo":null,"data_fim_prazo":null,"em_tramitacao":false,"polemica":false,"objeto":"","complementar":false,"ementa":"INDICA ao Chefe do Gabinete do Prefeito, que seja denominado a sede do Estrat\u00e9gia de Sa\u00fade da Fam\u00edlia (ESF) de Meridiano em homenagem a \"Benedita Alexandre de Freitas\".","indexacao":"","observacao":"","resultado":"","texto_original":"http://sapl.meridiano.sp.leg.br/media/sapl/public/materialegislativa/2026/865/indicacao_014-2026_conformidade.pdf","data_ultima_atualizacao":"2026-04-01T08:43:38.822778-03:00","ip":"177.39.83.79","ultima_edicao":"2026-03-11T15:20:41.114580-03:00","tipo":10,"regime_tramitacao":1,"tipo_origem_externa":null,"local_origem_externa":null,"user":3,"anexadas":[],"autores":[24]}