{"id":861,"__str__":"Projeto de Lei Ordin\u00e1ria n\u00ba 26 de 2026","link_detail_backend":"/materia/861","metadata":{"signs":{"texto_original":{"admin":[],"autores":[["Fabio Paschoalinoto",["2026-03-09T07:50:13-03:00","ICP-Brasil"]]]}}},"numero":26,"ano":2026,"numero_protocolo":162,"data_apresentacao":"2026-03-09","tipo_apresentacao":"","data_publicacao":null,"numero_origem_externa":"","ano_origem_externa":null,"data_origem_externa":null,"apelido":"","dias_prazo":null,"data_fim_prazo":null,"em_tramitacao":false,"polemica":false,"objeto":"","complementar":false,"ementa":"Amplia o valor do repasse financeiro previsto no Termo de Fomento celebrado com a entidade assistencial Parque Residencial S\u00e3o Vicente de Paulo e autoriza a abertura de cr\u00e9dito adicional especial no valor de R$ 25.000,00, no or\u00e7amento vigente.","indexacao":"","observacao":"","resultado":"","texto_original":"http://sapl.meridiano.sp.leg.br/media/sapl/public/materialegislativa/2026/861/projeto_de_lei__amplia_valor_repasse_lar_sao_vicente_e_abertura_de_credito_especial_r_25.00000.pdf","data_ultima_atualizacao":"2026-03-24T11:49:57.781579-03:00","ip":"","ultima_edicao":null,"tipo":2,"regime_tramitacao":1,"tipo_origem_externa":null,"local_origem_externa":null,"user":null,"anexadas":[],"autores":[12]}